{"id":867,"date":"2015-03-14T21:30:21","date_gmt":"2015-03-14T21:30:21","guid":{"rendered":"http:\/\/projects.upei.ca\/climate\/?p=867"},"modified":"2017-02-15T18:14:14","modified_gmt":"2017-02-15T18:14:14","slug":"st-patricks-day-deserves-its-stormy-reputation","status":"publish","type":"post","link":"https:\/\/projects.upei.ca\/climate\/2015\/03\/14\/st-patricks-day-deserves-its-stormy-reputation\/","title":{"rendered":"St. Patrick\u2019s Day Deserves Its Stormy Reputation"},"content":{"rendered":"<p>By Dr. Adam Fenech<\/p>\n<p style=\"text-align: justify\">On March 17<sup>th<\/sup>, Islanders will be celebrating Saint Patrick&#8217;s Day named after the patron saint of Ireland who brought Christianity to Ireland in the 4<sup>th<\/sup> century. It is an official public holiday in the Republic of Ireland, Northern Ireland and Newfoundland and Labrador, but unofficial on Prince Edward Island. In addition to enjoying the revelry and celebration of Irish culture and heritage, often times Islanders don\u2019t have to work that day in mid-March. Not because it\u2019s a holiday, but because of a late winter storm!<\/p>\n<p style=\"text-align: justify\">Islanders have come to expect a storm on St. Patrick&#8217;s Day and view it as one of the rituals of the coming of spring. Sometimes, Nature\u2019s timing is off and the winter storm comes the day before the Irish Celebration or the day afterwards. But that doesn\u2019t stop Islanders from expecting a storm every St. Patrick\u2019s Day. Don Jardine, the resident weather historian at UPEI\u2019s Climate Lab, has lots of evidence to back up this weather folklore.<!--more--><\/p>\n<p style=\"text-align: justify\">On St. Patrick\u2019s Day in the year 2000, winds of up to 100 kilometres-an-hour whipped over 20 centimetres of snow into whiteouts that made driving treacherous in Queens County, leading police to warn motorists to stay off the roads.<\/p>\n<p style=\"text-align: justify\">In 1987, three days of stormy weather around St. Patrick\u2019s Day left 31 centimetres of snow in Tignish, closing roads across West Prince. It took three days to open roads as the drifting was so severe that operators could not see where they were going and the roads were filling in behind them.<\/p>\n<p style=\"text-align: justify\">In 1961, a series of storms two weeks prior to St. Patrick\u2019s Day isolated many rural communities, making mail deliveries erratic, school attendance irregular and travelling difficult. Most main roads were passable, but many sideroads remained blocked for days at a time. Buses leaving Miminegash got stuck en-route to Alberton and eventually had to turn back. At Glengarry, a plow took 10 hours to open 6 kilometres of road only to have it filled in the next day.<\/p>\n<p style=\"text-align: justify\">St. Patrick\u2019s Day in 1895 was a day without an ice boat crossing from Cape Traverse to New Brunswick, due to blowing and drifting snow from the northwest. No mail, freight or even passengers made it across the Northumberland Straight that day.<\/p>\n<p style=\"text-align: justify\">The diary of Henry Cundall, a New London philanthropist, tells us that the celebrations on St. Patrick\u2019s Day in 1856 and 1857 were recognized for their snow and rainstorms and his need to purchase an umbrella.<\/p>\n<p style=\"text-align: justify\">All this is anecdotal evidence of large winter storms on March 17<sup>th<\/sup>, but what do P.E.I.\u2019s climate records say? The answer is that a snowstorm occurs around St. Patrick\u2019s Day 50% of the time or, on average, every other year. So Islanders are right! Look out for the storms on St. Patrick\u2019s Day. And if there is a storm, hopefully it means we\u2019ll not be working so that we can enjoy our celebration to its fullest. L\u00e1 fh\u00e9ile P\u00e1draig sona dhuit!<\/p>\n<p style=\"text-align: justify\">Note: The Climate Lab will be hosting a training session for the public on the evening of March 30 on how to identify P.E.I.\u2019s plants and birds for recording in the <em>Climate Diary<\/em>. For more details, email climate@upei.ca or call us at 620-5221. P.E.I.\u2019s <em>Climate Diary<\/em> is a written record of changes in the environment as they occur year-to-year over the next 25 years. These records will help scientists understand changes in the climate system and how these events are influenced by seasonal and inter-annual variations in climate. And eventually, these records will be a written testament to the effects of global climate change as temperatures warm through the decades, and precipitation patterns change.<\/p>\n<p style=\"text-align: justify\">\n","protected":false},"excerpt":{"rendered":"<p>By Dr. Adam Fenech On March 17th, Islanders will be celebrating Saint Patrick&#8217;s Day named after the patron saint of Ireland who brought Christianity to Ireland in the 4th century. It is an official public holiday in the Republic of &hellip; <a href=\"https:\/\/projects.upei.ca\/climate\/2015\/03\/14\/st-patricks-day-deserves-its-stormy-reputation\/\">Continue reading <span class=\"meta-nav\">&rarr;<\/span><\/a><\/p>\n","protected":false},"author":12,"featured_media":0,"comment_status":"closed","ping_status":"closed","sticky":false,"template":"","format":"standard","meta":{"footnotes":""},"categories":[1],"tags":[],"jetpack_featured_media_url":"","_links":{"self":[{"href":"https:\/\/projects.upei.ca\/climate\/wp-json\/wp\/v2\/posts\/867"}],"collection":[{"href":"https:\/\/projects.upei.ca\/climate\/wp-json\/wp\/v2\/posts"}],"about":[{"href":"https:\/\/projects.upei.ca\/climate\/wp-json\/wp\/v2\/types\/post"}],"author":[{"embeddable":true,"href":"https:\/\/projects.upei.ca\/climate\/wp-json\/wp\/v2\/users\/12"}],"replies":[{"embeddable":true,"href":"https:\/\/projects.upei.ca\/climate\/wp-json\/wp\/v2\/comments?post=867"}],"version-history":[{"count":5,"href":"https:\/\/projects.upei.ca\/climate\/wp-json\/wp\/v2\/posts\/867\/revisions"}],"predecessor-version":[{"id":1323,"href":"https:\/\/projects.upei.ca\/climate\/wp-json\/wp\/v2\/posts\/867\/revisions\/1323"}],"wp:attachment":[{"href":"https:\/\/projects.upei.ca\/climate\/wp-json\/wp\/v2\/media?parent=867"}],"wp:term":[{"taxonomy":"category","embeddable":true,"href":"https:\/\/projects.upei.ca\/climate\/wp-json\/wp\/v2\/categories?post=867"},{"taxonomy":"post_tag","embeddable":true,"href":"https:\/\/projects.upei.ca\/climate\/wp-json\/wp\/v2\/tags?post=867"}],"curies":[{"name":"wp","href":"https:\/\/api.w.org\/{rel}","templated":true}]}}