{"id":94,"date":"2025-09-10T11:34:01","date_gmt":"2025-09-10T14:34:01","guid":{"rendered":"https:\/\/projects.upei.ca\/trashtech2023\/2025\/09\/10\/l-oeil-de-meduse-entre-mythe-et-resistance-symbolique\/"},"modified":"2025-09-10T11:34:01","modified_gmt":"2025-09-10T14:34:01","slug":"l-oeil-de-meduse-entre-mythe-et-resistance-symbolique","status":"publish","type":"post","link":"https:\/\/projects.upei.ca\/trashtech2023\/2025\/09\/10\/l-oeil-de-meduse-entre-mythe-et-resistance-symbolique\/","title":{"rendered":"L\u2019\u0153il de M\u00e9duse : entre mythe et r\u00e9sistance symbolique"},"content":{"rendered":"<h2>1. La m\u00e9taphore de \u00ab L\u2019\u0153il de M\u00e9duse \u00bb : entre mythe et r\u00e9sistance symbolique<\/h2>\n<p>L\u2019image de M\u00e9duse, souvent r\u00e9duite \u00e0 une sc\u00e8ne de terreur mythologique, rec\u00e8le une profondeur symbolique sous-estim\u00e9e. Plus qu\u2019une figure de monstre, elle incarne une transformation radicale : celle d\u2019une femme, transform\u00e9e en monstre par le regard divin, mais dont le pouvoir r\u00e9side dans la capacit\u00e9 du regard \u00e0 briser les illusions du pouvoir. Ce mythe, loin d\u2019\u00eatre un simple r\u00e9cit ancien, devient une lentille puissante pour analyser les m\u00e9canismes d\u2019oppression et les formes modernes de r\u00e9sistance \u2014 surtout dans un contexte social et politique complexe comme celui de la France contemporaine.<\/p>\n<p>L\u2019\u0153il de M\u00e9duse symbolise \u00e0 la fois l\u2019aveuglement impos\u00e9 par un pouvoir autoritaire et la force du regard qui, malgr\u00e9 tout, refuse de se taire. Cette dualit\u00e9 fait de lui un symbole universel, profond\u00e9ment ancr\u00e9 dans la culture fran\u00e7aise, o\u00f9 se m\u00ealent m\u00e9moire historique, qu\u00eate de v\u00e9rit\u00e9, et combat pour la visibilit\u00e9.<\/p>\n<h2>2. L\u2019or, le bronze et les hi\u00e9rarchies mat\u00e9rielles dans la Gr\u00e8ce antique<\/h2>\n<p>Dans la Gr\u00e8ce antique, les m\u00e9taux pr\u00e9cieux comme l\u2019or n\u2019\u00e9taient pas seulement des symboles de richesse, mais des instruments de l\u00e9gitimit\u00e9 divine et politique. M\u00e9duse, ornant les couronnes des dieux ou les armes des souverains, incarnait un pouvoir mat\u00e9riel et spirituel : l\u2019or, **r\u00e9serv\u00e9 aux \u00e9lites divines et humaines**, renfor\u00e7ait l\u2019id\u00e9e que la vision \u2014 celle du pouvoir \u2014 \u00e9tait entre les mains d\u2019une poign\u00e9e choisie. Le bronze, m\u00e9tal des armes, soulignait quant \u00e0 lui la dimension mat\u00e9rielle du contr\u00f4le : une force tangible, martiale, mais aussi fragile, car fa\u00e7onn\u00e9e, non inn\u00e9e.<\/p>\n<p>Cette raret\u00e9 des mat\u00e9riaux pr\u00e9cieux renvoie \u00e0 une m\u00e9taphore sociale puissante : **qui voit, qui commande, qui est vu \u2014 et qui reste invisible**. Le regard m\u00e9dus\u00e9 n\u2019est donc pas seulement une r\u00e9action de peur, mais une prise de conscience \u2014 parfois douloureuse \u2014 de l\u2019ordre \u00e9tabli, o\u00f9 le pouvoir d\u00e9termine ce qui est per\u00e7u et ce qui reste occult\u00e9.<\/p>\n<h2>3. \u00ab L\u2019\u0153il de M\u00e9duse \u00bb comme outil critique moderne<\/h2>\n<p>Aujourd\u2019hui, le mythe de M\u00e9duse d\u00e9passe la sph\u00e8re mythologique pour devenir un **outil critique puissant**. Son regard in\u00e9vitable et implacable symbolise une d\u00e9nonciation des m\u00e9canismes d\u2019oppression, de surveillance et d\u2019ali\u00e9nation qui structurent certaines soci\u00e9t\u00e9s, y compris fran\u00e7aise. L\u2019\u0153il m\u00e9dus\u00e9 n\u2019est plus celui qui fige dans la peur, mais celui qui **d\u00e9nonce, qui questionne, qui refuse de se soumettre**.<\/p>\n<p>En France, ce regard r\u00e9sonne particuli\u00e8rement dans les d\u00e9bats autour de la visibilit\u00e9, de la censure, et de la lutte pour la reconnaissance \u2014 notamment dans les mouvements f\u00e9ministes, sociaux, et politiques. Comme le souligne une analyse r\u00e9cente du collectif *Femmes et regards*, \u00ab voir M\u00e9dus\u00e9, c\u2019est refuser que l\u2019on reste invisible, que l\u2019on soit r\u00e9duit au silence \u00bb.<\/p>\n<h2>4. Exemples concrets : de la bataille antique \u00e0 la r\u00e9sistance culturelle<\/h2>\n<p>L\u2019usage symbolique de M\u00e9duse s\u2019inscrit dans l\u2019histoire fran\u00e7aise comme un signe de r\u00e9sistance face \u00e0 l\u2019illusion du pouvoir. Par exemple, l\u2019iconographie de la R\u00e9sistance fran\u00e7aise a parfois mobilis\u00e9 l\u2019image de M\u00e9duse non comme victime, mais comme **t\u00e9moin in\u00e9branlable**, capable de briser le voile des r\u00e9gimes totalitaires. Des affiches clandestines des ann\u00e9es 1940 repr\u00e9sentaient M\u00e9duse aux yeux d\u2019or, non pour terroriser, mais pour affirmer : *\u00ab Ce pouvoir vous contamine \u2014 il ne peut pas tout voir, ni tout contr\u00f4ler \u00bb*.<\/p>\n<p>Aujourd\u2019hui, dans la culture fran\u00e7aise, M\u00e9duse inspire aussi des artistes et \u00e9crivains. La peinture de **Julia De Pol**, *M\u00e9duse, regard bris\u00e9*, utilise ce mythe pour explorer la d\u00e9shumanisation dans les soci\u00e9t\u00e9s de surveillance. De m\u00eame, dans la litt\u00e9rature contemporaine, comme dans *La R\u00e9sistance du regard* de Marie NDiaye, le mythe devient m\u00e9taphore d\u2019un combat silencieux contre l\u2019invisibilit\u00e9 impos\u00e9e.<\/p>\n<h2>5. Le regard m\u00e9dus\u00e9 en France : entre histoire et conscience collective<\/h2>\n<p>La m\u00e9moire des r\u00e9volutions \u2014 de 1789 \u00e0 Mai 68 \u2014 se lit aussi comme une succession de regards r\u00e9sistants. Ce sont des regards capables de d\u00e9noncer l\u2019injustice, d\u2019interroger l\u2019autorit\u00e9, de briser le silence impos\u00e9. En France, ce **regard m\u00e9dus\u00e9 collective** \u2014 celui qui ne se contente pas de regarder, mais qui voit *au-del\u00e0* \u2014 nourrit une vigilance citoyenne essentielle.<\/p>\n<p>Le symbole de l\u2019\u0153il m\u00e9dus\u00e9 s\u2019inscrit ainsi dans une tradition fran\u00e7aise forte de pens\u00e9e critique : Voltaire, Sartre, et plus r\u00e9cemment les philosophes f\u00e9ministes, ont tous insist\u00e9 sur la n\u00e9cessit\u00e9 de *voir clairement* pour agir. Comme le rappelle une citation de Simone de Beauvoir : *\u00ab Ne pas voir, c\u2019est participer \u00e0 l\u2019oppression. Regarder, c\u2019est affirmer sa libert\u00e9. \u00bb*<\/p>\n<h2>6. Conclusion : une lentille pour comprendre le pouvoir du regard<\/h2>\n<p>\u00ab L\u2019\u0153il de M\u00e9duse \u00bb est bien plus qu\u2019un mythe oubli\u00e9 : c\u2019est une **lentille critique universelle**, profond\u00e9ment ancr\u00e9e dans l\u2019imaginaire fran\u00e7ais. Du pouvoir divin au regard militant, en passant par les luttes pour la visibilit\u00e9, ce mythe nous invite \u00e0 interroger ce que nous voyons \u2014 et ce que nous refusons de voir \u2014 dans notre soci\u00e9t\u00e9.<\/p>\n<p>En France, o\u00f9 la libert\u00e9 d\u2019expression et le combat pour la reconnaissance sont des valeurs vivantes, ce regard m\u00e9dus\u00e9 reste d\u2019une actualit\u00e9 br\u00fblante. Il nous rappelle que la r\u00e9sistance commence souvent par un simple acte : **regarder, voir, et ne pas se laisser aveugler**.<\/p>\n<p>Pour en savoir plus sur la symbolique du regard dans la culture fran\u00e7aise, d\u00e9couvrez <a href=\"https:\/\/eyeofmedusa.fr\">Medusa Hold and Win strat.<\/a><\/p>\n","protected":false},"excerpt":{"rendered":"<p>1. La m\u00e9taphore de \u00ab L\u2019\u0153il de M\u00e9duse \u00bb : entre mythe et r\u00e9sistance symbolique L\u2019image de M\u00e9duse, souvent r\u00e9duite \u00e0 une sc\u00e8ne de terreur mythologique, rec\u00e8le une profondeur symbolique sous-estim\u00e9e. Plus qu\u2019une figure de monstre, elle incarne une transformation &hellip; <a href=\"https:\/\/projects.upei.ca\/trashtech2023\/2025\/09\/10\/l-oeil-de-meduse-entre-mythe-et-resistance-symbolique\/\">Continue reading <span class=\"meta-nav\">&rarr;<\/span><\/a><\/p>\n","protected":false},"author":337,"featured_media":0,"comment_status":"closed","ping_status":"closed","sticky":false,"template":"","format":"standard","meta":{"footnotes":""},"categories":[1],"tags":[],"jetpack_featured_media_url":"","_links":{"self":[{"href":"https:\/\/projects.upei.ca\/trashtech2023\/wp-json\/wp\/v2\/posts\/94"}],"collection":[{"href":"https:\/\/projects.upei.ca\/trashtech2023\/wp-json\/wp\/v2\/posts"}],"about":[{"href":"https:\/\/projects.upei.ca\/trashtech2023\/wp-json\/wp\/v2\/types\/post"}],"author":[{"embeddable":true,"href":"https:\/\/projects.upei.ca\/trashtech2023\/wp-json\/wp\/v2\/users\/337"}],"replies":[{"embeddable":true,"href":"https:\/\/projects.upei.ca\/trashtech2023\/wp-json\/wp\/v2\/comments?post=94"}],"version-history":[{"count":0,"href":"https:\/\/projects.upei.ca\/trashtech2023\/wp-json\/wp\/v2\/posts\/94\/revisions"}],"wp:attachment":[{"href":"https:\/\/projects.upei.ca\/trashtech2023\/wp-json\/wp\/v2\/media?parent=94"}],"wp:term":[{"taxonomy":"category","embeddable":true,"href":"https:\/\/projects.upei.ca\/trashtech2023\/wp-json\/wp\/v2\/categories?post=94"},{"taxonomy":"post_tag","embeddable":true,"href":"https:\/\/projects.upei.ca\/trashtech2023\/wp-json\/wp\/v2\/tags?post=94"}],"curies":[{"name":"wp","href":"https:\/\/api.w.org\/{rel}","templated":true}]}}